{"id":633,"date":"2021-03-19T22:00:40","date_gmt":"2021-03-19T21:00:40","guid":{"rendered":"http:\/\/www.ekootpor.com\/?p=633"},"modified":"2022-01-02T16:34:29","modified_gmt":"2022-01-02T15:34:29","slug":"bosna-i-hercegovina-je-drzava-s-najmanjim-postotkom-zasticene-prirode-u-europi","status":"publish","type":"post","link":"http:\/\/www.ekootpor.com\/?p=633","title":{"rendered":"Bosna i Hercegovina je dr\u017eava s najmanjim postotkom za\u0161ti\u0107ene prirode u Europi!"},"content":{"rendered":"\n<p>Nakon godine povijesnog pada zbog pandemije covida-19, emisije CO2 koje proizvodi energetski sektor sna\u017eno su porasle, upozorila je Me\u0111unarodna agencija za energiju (IEA).<\/p>\n\n\n\n<p>Bosna i Hercegovina se, ve\u0107 desetlje\u0107ima unazad, suo\u010dava s problemom aerozaga\u0111enja koje negativne posljedice ostavlja na zdravlje stanovni\u0161tva i kvalitetu \u017eivota, okoli\u0161, ali i na ekonomski prosperitet zemlje. Naime, prema navodima Svjetske zdravstvene organizacije, BiH se zbog lo\u0161eg kvaliteta zraka na 100 tisu\u0107a stanovnika suo\u010dava sa 79,8 slu\u010dajeva prijevremene smrti, dok ujedno gubi i 21,5 posto BDP-a. Sa indeksom kvalitete zraka koji u bh. gradovima \u010desto prelazi u zonu opasnog (Indeks kvaliteta zraka \u2013 IKZ preko 300), na\u0161a zemlja, tako\u0111er, prije nego \u0161to ispuni uvjete za ulazak u EU, treba pobolj\u0161ati kvaliteta zraka, ali i sustav upravljanja kvalitetom zraka.<\/p>\n\n\n\n<p><strong>Za\u0161tita prirodne sredine u EU<\/strong><\/p>\n\n\n\n<p>Nadalje, cijela Europa ide ka zelenoj, cirkularnoj ekonomiji dok se \u010dini kako BiH ide pak obrnutim smjerom. Nova Europska komisija kao jedan od prvih poteza predstavila je europski \u2018zeleni plan\u2019 2050.\u2013 strategiju za postizanje odr\u017eivosti gospodarstva EU-a pretvaranjem klimatskih i ekolo\u0161kih izazova u prilike u svim podru\u010djima politike i osiguravanjem pravedne i uklju\u010dive tranzicije. Za postizanje ciljeva europskog zelenog plana bit \u0107e potrebna znatna ulaganja. Za postizanje trenuta\u010dnih ciljeva u podru\u010dju klime i energije do 2030. bit \u0107e potrebna dodatna godi\u0161nja ulaganja u iznosu od 260 milijardi eura, odnosno oko 1,5 posto BDP-a u 2018. Za ta \u0107e ulaganja biti potrebna mobilizacija javnog i privatnog sektora. Najmanje 25 posto dugoro\u010dnog prora\u010duna EU-a trebalo bi biti namijenjeno borbi protiv klimatskih promjena, a Europska investicijska banka, Europska banka za klimu, pru\u017eit \u0107e dodatnu potporu.<\/p>\n\n\n\n<figure class=\"wp-block-image\"><img src=\"https:\/\/otpor.media\/wp-content\/uploads\/2021\/03\/svjrjek-19321.jpg\" alt=\"\" class=\"wp-image-4639\"\/><\/figure>\n\n\n\n<p>Samo ovaj kratak presjek stanja jasno ukazuje ozbiljnost kojim ide EU u podru\u010dju za\u0161tite prirodne sredine.<\/p>\n\n\n\n<p><strong>Za\u0161tita prirodne sredine u BiH?<\/strong><\/p>\n\n\n\n<p>Najnovije istra\u017eivanje koje je proveo SaveOnEnergy i u aspektu za\u0161tite prirodne sredine pokazuje tu\u017enu istinu \u2013 sa samo \u010detiri posto Bosna i Hercegovina je dr\u017eava s najmanjim postotkom za\u0161ti\u0107ene prirode u Europi. Iako postoji 40 takvih mjesta, oni pokrivaju samo 1.922 km2 od 192.232 km2 kopna u zemlji.<\/p>\n\n\n\n<p>\u0160tite\u0107i samo \u0161est posto svoje kopnene zemlje, Rumunjska se nalazi na posljednjem mjestu. Iako imaju mnoga odre\u0111ena podru\u010dja, poput Dealul Zackel i Cindrel, oni nisu \u0161iroko rasprostranjeni po cijeloj zemlji.<\/p>\n\n\n\n<p>Donjih pet mjesta zavr\u0161avaju Srbija, Belgija i Portugal, sa samo sedam, osam i devet za\u0161ti\u0107ene zemlje.<\/p>\n\n\n\n<p>Zahvaljuju\u0107i za\u0161ti\u0107enim mjestima kao \u0161to su Geopark M\u00ebllerdall i Naturpark Our, Luksemburg je europska zemlja s najve\u0107im postotkom za\u0161ti\u0107enog zemlji\u0161ta (76 posto). Na drugom mjestu je Slovenija, sa 72 posto prirode njihove zemlje koja je za\u0161ti\u0107ena. Malta ima tre\u0107i najve\u0107i postotak za\u0161ti\u0107enih kopnenih kopna u Europi! Pokrivaju\u0107i 65 posto svoje zemlje, lokalno stanovni\u0161tvo mo\u017ee u\u017eivati \u200b\u200bna 250 mjesta, poput \u0161pilje G\u0127ar Dalam, Maqlube i Mdine.<\/p>\n\n\n\n<p><strong>Mnogo rada<\/strong><\/p>\n\n\n\n<p>I iz Federalnog ministarstva okoli\u0161a i turizma svjesni su te \u010dinjenice te navode kako je u Federaciji BiH je za\u0161ti\u0107eno svega 3,24 posto podru\u010dja, \u0161to je mala povr\u0161ina ako se uzmu u obzir iznimno bogatstvo diverziteta, specifi\u010dna biolo\u0161ka raznolikost, prirodne ljepote i fenomeni na\u0161e zemlje. Standard i zahtjev Europske unije je da svaka zemlja treba za\u0161tititi najmanje 10 posto svoje teritorije.<\/p>\n\n\n\n<p>Valja kazati kako je u sije\u010dnju ove godine, dakle pune dvije godine aktivne kampanje udruga za za\u0161titu okoli\u0161a, usvojen Prijedlog Zakona o za\u0161titi okoli\u0161a FBiH u Parlamentu FBiH. Iz Udru\u017eenja \u2018Aarhus centar u BiH\u2019 smatraju kako se radi o izuzetno va\u017enom zakonu, on stvara preduvjete za pribli\u017eavanja standardima koji vrijede u BiH ali kako se borba svakako nastavlja jer \u0107e se morati uraditi mnogo vi\u0161e \u2013 po\u010dev\u0161i od obi\u010dnih \u017eitelja pa sve do vrha vlasti \u2013 kako bi situaciju preokrenuli u na\u0161u korist.<\/p>\n\n\n\n<p><strong>\u00a0Dnevni.ba<\/strong><\/p>\n","protected":false},"excerpt":{"rendered":"<p>Nakon godine povijesnog pada zbog pandemije covida-19, emisije CO2 koje proizvodi energetski sektor sna\u017eno su porasle, upozorila je Me\u0111unarodna agencija za energiju (IEA). Bosna i Hercegovina se, ve\u0107 desetlje\u0107ima unazad, suo\u010dava s problemom aerozaga\u0111enja koje negativne posljedice ostavlja na zdravlje stanovni\u0161tva i kvalitetu \u017eivota, okoli\u0161, ali i na ekonomski prosperitet zemlje. Naime, prema navodima Svjetske [&hellip;]<\/p>\n","protected":false},"author":1,"featured_media":231,"comment_status":"closed","ping_status":"open","sticky":false,"template":"","format":"standard","meta":[],"categories":[20],"tags":[],"yoast_head":"<!-- This site is optimized with the Yoast SEO plugin v19.2 - https:\/\/yoast.com\/wordpress\/plugins\/seo\/ -->\r\n<title>Bosna i Hercegovina je dr\u017eava s najmanjim postotkom za\u0161ti\u0107ene prirode u Europi! &gt; Udruga \u201cEko OTPOR\u201d<\/title>\r\n<meta name=\"robots\" content=\"index, follow, max-snippet:-1, max-image-preview:large, max-video-preview:-1\" \/>\r\n<link rel=\"canonical\" href=\"http:\/\/www.ekootpor.com\/?p=633\" \/>\r\n<meta property=\"og:locale\" content=\"hr_HR\" \/>\r\n<meta property=\"og:type\" content=\"article\" \/>\r\n<meta property=\"og:title\" content=\"Bosna i Hercegovina je dr\u017eava s najmanjim postotkom za\u0161ti\u0107ene prirode u Europi! &gt; Udruga \u201cEko OTPOR\u201d\" \/>\r\n<meta property=\"og:description\" content=\"Nakon godine povijesnog pada zbog pandemije covida-19, emisije CO2 koje proizvodi energetski sektor sna\u017eno su porasle, upozorila je Me\u0111unarodna agencija za energiju (IEA). Bosna i Hercegovina se, ve\u0107 desetlje\u0107ima unazad, suo\u010dava s problemom aerozaga\u0111enja koje negativne posljedice ostavlja na zdravlje stanovni\u0161tva i kvalitetu \u017eivota, okoli\u0161, ali i na ekonomski prosperitet zemlje. Naime, prema navodima Svjetske [&hellip;]\" \/>\r\n<meta property=\"og:url\" content=\"http:\/\/www.ekootpor.com\/?p=633\" \/>\r\n<meta property=\"og:site_name\" content=\"Udruga \u201cEko OTPOR\u201d\" \/>\r\n<meta property=\"article:publisher\" content=\"https:\/\/www.facebook.com\/EkoOtpor\" \/>\r\n<meta property=\"article:published_time\" content=\"2021-03-19T21:00:40+00:00\" \/>\r\n<meta property=\"article:modified_time\" content=\"2022-01-02T15:34:29+00:00\" \/>\r\n<meta property=\"og:image\" content=\"http:\/\/www.ekootpor.com\/wp-content\/uploads\/2020\/05\/Borak-Otpor-135_19.jpg\" \/>\r\n\t<meta property=\"og:image:width\" content=\"1500\" \/>\r\n\t<meta property=\"og:image:height\" content=\"1000\" \/>\r\n\t<meta property=\"og:image:type\" content=\"image\/jpeg\" \/>\r\n<meta name=\"author\" content=\"admineko\" \/>\r\n<meta name=\"twitter:card\" content=\"summary_large_image\" \/>\r\n<meta name=\"twitter:label1\" content=\"Napisao\/la\" \/>\n\t<meta name=\"twitter:data1\" content=\"admineko\" \/>\n\t<meta name=\"twitter:label2\" content=\"Procijenjeno vrijeme \u010ditanja\" \/>\n\t<meta name=\"twitter:data2\" content=\"3 minute\" \/>\r\n<script type=\"application\/ld+json\" class=\"yoast-schema-graph\">{\"@context\":\"https:\/\/schema.org\",\"@graph\":[{\"@type\":\"Organization\",\"@id\":\"http:\/\/www.ekootpor.com\/#organization\",\"name\":\"Udruga Eko OTPOR\",\"url\":\"http:\/\/www.ekootpor.com\/\",\"sameAs\":[\"https:\/\/www.youtube.com\/channel\/UCZAOuUmcWloDhDIM-4KTooQ\",\"https:\/\/www.facebook.com\/EkoOtpor\"],\"logo\":{\"@type\":\"ImageObject\",\"inLanguage\":\"hr\",\"@id\":\"http:\/\/www.ekootpor.com\/#\/schema\/logo\/image\/\",\"url\":\"http:\/\/www.ekootpor.com\/wp-content\/uploads\/2020\/04\/logoekoopor25420.jpg\",\"contentUrl\":\"http:\/\/www.ekootpor.com\/wp-content\/uploads\/2020\/04\/logoekoopor25420.jpg\",\"width\":562,\"height\":529,\"caption\":\"Udruga Eko OTPOR\"},\"image\":{\"@id\":\"http:\/\/www.ekootpor.com\/#\/schema\/logo\/image\/\"}},{\"@type\":\"WebSite\",\"@id\":\"http:\/\/www.ekootpor.com\/#website\",\"url\":\"http:\/\/www.ekootpor.com\/\",\"name\":\"Udruga \u201cEko OTPOR\u201d\",\"description\":\"Eko OTPOR\",\"publisher\":{\"@id\":\"http:\/\/www.ekootpor.com\/#organization\"},\"potentialAction\":[{\"@type\":\"SearchAction\",\"target\":{\"@type\":\"EntryPoint\",\"urlTemplate\":\"http:\/\/www.ekootpor.com\/?s={search_term_string}\"},\"query-input\":\"required name=search_term_string\"}],\"inLanguage\":\"hr\"},{\"@type\":\"ImageObject\",\"inLanguage\":\"hr\",\"@id\":\"http:\/\/www.ekootpor.com\/?p=633#primaryimage\",\"url\":\"http:\/\/www.ekootpor.com\/wp-content\/uploads\/2020\/05\/Borak-Otpor-135_19.jpg\",\"contentUrl\":\"http:\/\/www.ekootpor.com\/wp-content\/uploads\/2020\/05\/Borak-Otpor-135_19.jpg\",\"width\":1500,\"height\":1000},{\"@type\":\"WebPage\",\"@id\":\"http:\/\/www.ekootpor.com\/?p=633#webpage\",\"url\":\"http:\/\/www.ekootpor.com\/?p=633\",\"name\":\"Bosna i Hercegovina je dr\u017eava s najmanjim postotkom za\u0161ti\u0107ene prirode u Europi! &gt; Udruga \u201cEko OTPOR\u201d\",\"isPartOf\":{\"@id\":\"http:\/\/www.ekootpor.com\/#website\"},\"primaryImageOfPage\":{\"@id\":\"http:\/\/www.ekootpor.com\/?p=633#primaryimage\"},\"datePublished\":\"2021-03-19T21:00:40+00:00\",\"dateModified\":\"2022-01-02T15:34:29+00:00\",\"breadcrumb\":{\"@id\":\"http:\/\/www.ekootpor.com\/?p=633#breadcrumb\"},\"inLanguage\":\"hr\",\"potentialAction\":[{\"@type\":\"ReadAction\",\"target\":[\"http:\/\/www.ekootpor.com\/?p=633\"]}]},{\"@type\":\"BreadcrumbList\",\"@id\":\"http:\/\/www.ekootpor.com\/?p=633#breadcrumb\",\"itemListElement\":[{\"@type\":\"ListItem\",\"position\":1,\"name\":\"Po\u010detna stranica\",\"item\":\"http:\/\/www.ekootpor.com\/\"},{\"@type\":\"ListItem\",\"position\":2,\"name\":\"Bosna i Hercegovina je dr\u017eava s najmanjim postotkom za\u0161ti\u0107ene prirode u Europi!\"}]},{\"@type\":\"Article\",\"@id\":\"http:\/\/www.ekootpor.com\/?p=633#article\",\"isPartOf\":{\"@id\":\"http:\/\/www.ekootpor.com\/?p=633#webpage\"},\"author\":{\"name\":\"admineko\",\"@id\":\"http:\/\/www.ekootpor.com\/#\/schema\/person\/2060981370c55a3797065ce5ce9f018b\"},\"headline\":\"Bosna i Hercegovina je dr\u017eava s najmanjim postotkom za\u0161ti\u0107ene prirode u Europi!\",\"datePublished\":\"2021-03-19T21:00:40+00:00\",\"dateModified\":\"2022-01-02T15:34:29+00:00\",\"mainEntityOfPage\":{\"@id\":\"http:\/\/www.ekootpor.com\/?p=633#webpage\"},\"wordCount\":687,\"publisher\":{\"@id\":\"http:\/\/www.ekootpor.com\/#organization\"},\"image\":{\"@id\":\"http:\/\/www.ekootpor.com\/?p=633#primaryimage\"},\"thumbnailUrl\":\"http:\/\/www.ekootpor.com\/wp-content\/uploads\/2020\/05\/Borak-Otpor-135_19.jpg\",\"articleSection\":[\"Eko BiH\"],\"inLanguage\":\"hr\"},{\"@type\":\"Person\",\"@id\":\"http:\/\/www.ekootpor.com\/#\/schema\/person\/2060981370c55a3797065ce5ce9f018b\",\"name\":\"admineko\",\"image\":{\"@type\":\"ImageObject\",\"inLanguage\":\"hr\",\"@id\":\"http:\/\/www.ekootpor.com\/#\/schema\/person\/image\/\",\"url\":\"http:\/\/1.gravatar.com\/avatar\/4e5985ee56ba12c698d05232f891d39b?s=96&d=mm&r=g\",\"contentUrl\":\"http:\/\/1.gravatar.com\/avatar\/4e5985ee56ba12c698d05232f891d39b?s=96&d=mm&r=g\",\"caption\":\"admineko\"},\"sameAs\":[\"http:\/\/www.ekootpor.com\"]}]}<\/script>\r\n<!-- \/ Yoast SEO plugin. -->","yoast_head_json":{"title":"Bosna i Hercegovina je dr\u017eava s najmanjim postotkom za\u0161ti\u0107ene prirode u Europi! &gt; Udruga \u201cEko OTPOR\u201d","robots":{"index":"index","follow":"follow","max-snippet":"max-snippet:-1","max-image-preview":"max-image-preview:large","max-video-preview":"max-video-preview:-1"},"canonical":"http:\/\/www.ekootpor.com\/?p=633","og_locale":"hr_HR","og_type":"article","og_title":"Bosna i Hercegovina je dr\u017eava s najmanjim postotkom za\u0161ti\u0107ene prirode u Europi! &gt; Udruga \u201cEko OTPOR\u201d","og_description":"Nakon godine povijesnog pada zbog pandemije covida-19, emisije CO2 koje proizvodi energetski sektor sna\u017eno su porasle, upozorila je Me\u0111unarodna agencija za energiju (IEA). Bosna i Hercegovina se, ve\u0107 desetlje\u0107ima unazad, suo\u010dava s problemom aerozaga\u0111enja koje negativne posljedice ostavlja na zdravlje stanovni\u0161tva i kvalitetu \u017eivota, okoli\u0161, ali i na ekonomski prosperitet zemlje. Naime, prema navodima Svjetske [&hellip;]","og_url":"http:\/\/www.ekootpor.com\/?p=633","og_site_name":"Udruga \u201cEko OTPOR\u201d","article_publisher":"https:\/\/www.facebook.com\/EkoOtpor","article_published_time":"2021-03-19T21:00:40+00:00","article_modified_time":"2022-01-02T15:34:29+00:00","og_image":[{"width":1500,"height":1000,"url":"http:\/\/www.ekootpor.com\/wp-content\/uploads\/2020\/05\/Borak-Otpor-135_19.jpg","type":"image\/jpeg"}],"author":"admineko","twitter_card":"summary_large_image","twitter_misc":{"Napisao\/la":"admineko","Procijenjeno vrijeme \u010ditanja":"3 minute"},"schema":{"@context":"https:\/\/schema.org","@graph":[{"@type":"Organization","@id":"http:\/\/www.ekootpor.com\/#organization","name":"Udruga Eko OTPOR","url":"http:\/\/www.ekootpor.com\/","sameAs":["https:\/\/www.youtube.com\/channel\/UCZAOuUmcWloDhDIM-4KTooQ","https:\/\/www.facebook.com\/EkoOtpor"],"logo":{"@type":"ImageObject","inLanguage":"hr","@id":"http:\/\/www.ekootpor.com\/#\/schema\/logo\/image\/","url":"http:\/\/www.ekootpor.com\/wp-content\/uploads\/2020\/04\/logoekoopor25420.jpg","contentUrl":"http:\/\/www.ekootpor.com\/wp-content\/uploads\/2020\/04\/logoekoopor25420.jpg","width":562,"height":529,"caption":"Udruga Eko OTPOR"},"image":{"@id":"http:\/\/www.ekootpor.com\/#\/schema\/logo\/image\/"}},{"@type":"WebSite","@id":"http:\/\/www.ekootpor.com\/#website","url":"http:\/\/www.ekootpor.com\/","name":"Udruga \u201cEko OTPOR\u201d","description":"Eko OTPOR","publisher":{"@id":"http:\/\/www.ekootpor.com\/#organization"},"potentialAction":[{"@type":"SearchAction","target":{"@type":"EntryPoint","urlTemplate":"http:\/\/www.ekootpor.com\/?s={search_term_string}"},"query-input":"required name=search_term_string"}],"inLanguage":"hr"},{"@type":"ImageObject","inLanguage":"hr","@id":"http:\/\/www.ekootpor.com\/?p=633#primaryimage","url":"http:\/\/www.ekootpor.com\/wp-content\/uploads\/2020\/05\/Borak-Otpor-135_19.jpg","contentUrl":"http:\/\/www.ekootpor.com\/wp-content\/uploads\/2020\/05\/Borak-Otpor-135_19.jpg","width":1500,"height":1000},{"@type":"WebPage","@id":"http:\/\/www.ekootpor.com\/?p=633#webpage","url":"http:\/\/www.ekootpor.com\/?p=633","name":"Bosna i Hercegovina je dr\u017eava s najmanjim postotkom za\u0161ti\u0107ene prirode u Europi! &gt; Udruga \u201cEko OTPOR\u201d","isPartOf":{"@id":"http:\/\/www.ekootpor.com\/#website"},"primaryImageOfPage":{"@id":"http:\/\/www.ekootpor.com\/?p=633#primaryimage"},"datePublished":"2021-03-19T21:00:40+00:00","dateModified":"2022-01-02T15:34:29+00:00","breadcrumb":{"@id":"http:\/\/www.ekootpor.com\/?p=633#breadcrumb"},"inLanguage":"hr","potentialAction":[{"@type":"ReadAction","target":["http:\/\/www.ekootpor.com\/?p=633"]}]},{"@type":"BreadcrumbList","@id":"http:\/\/www.ekootpor.com\/?p=633#breadcrumb","itemListElement":[{"@type":"ListItem","position":1,"name":"Po\u010detna stranica","item":"http:\/\/www.ekootpor.com\/"},{"@type":"ListItem","position":2,"name":"Bosna i Hercegovina je dr\u017eava s najmanjim postotkom za\u0161ti\u0107ene prirode u Europi!"}]},{"@type":"Article","@id":"http:\/\/www.ekootpor.com\/?p=633#article","isPartOf":{"@id":"http:\/\/www.ekootpor.com\/?p=633#webpage"},"author":{"name":"admineko","@id":"http:\/\/www.ekootpor.com\/#\/schema\/person\/2060981370c55a3797065ce5ce9f018b"},"headline":"Bosna i Hercegovina je dr\u017eava s najmanjim postotkom za\u0161ti\u0107ene prirode u Europi!","datePublished":"2021-03-19T21:00:40+00:00","dateModified":"2022-01-02T15:34:29+00:00","mainEntityOfPage":{"@id":"http:\/\/www.ekootpor.com\/?p=633#webpage"},"wordCount":687,"publisher":{"@id":"http:\/\/www.ekootpor.com\/#organization"},"image":{"@id":"http:\/\/www.ekootpor.com\/?p=633#primaryimage"},"thumbnailUrl":"http:\/\/www.ekootpor.com\/wp-content\/uploads\/2020\/05\/Borak-Otpor-135_19.jpg","articleSection":["Eko BiH"],"inLanguage":"hr"},{"@type":"Person","@id":"http:\/\/www.ekootpor.com\/#\/schema\/person\/2060981370c55a3797065ce5ce9f018b","name":"admineko","image":{"@type":"ImageObject","inLanguage":"hr","@id":"http:\/\/www.ekootpor.com\/#\/schema\/person\/image\/","url":"http:\/\/1.gravatar.com\/avatar\/4e5985ee56ba12c698d05232f891d39b?s=96&d=mm&r=g","contentUrl":"http:\/\/1.gravatar.com\/avatar\/4e5985ee56ba12c698d05232f891d39b?s=96&d=mm&r=g","caption":"admineko"},"sameAs":["http:\/\/www.ekootpor.com"]}]}},"jetpack_featured_media_url":"http:\/\/www.ekootpor.com\/wp-content\/uploads\/2020\/05\/Borak-Otpor-135_19.jpg","amp_enabled":true,"_links":{"self":[{"href":"http:\/\/www.ekootpor.com\/index.php?rest_route=\/wp\/v2\/posts\/633"}],"collection":[{"href":"http:\/\/www.ekootpor.com\/index.php?rest_route=\/wp\/v2\/posts"}],"about":[{"href":"http:\/\/www.ekootpor.com\/index.php?rest_route=\/wp\/v2\/types\/post"}],"author":[{"embeddable":true,"href":"http:\/\/www.ekootpor.com\/index.php?rest_route=\/wp\/v2\/users\/1"}],"replies":[{"embeddable":true,"href":"http:\/\/www.ekootpor.com\/index.php?rest_route=%2Fwp%2Fv2%2Fcomments&post=633"}],"version-history":[{"count":1,"href":"http:\/\/www.ekootpor.com\/index.php?rest_route=\/wp\/v2\/posts\/633\/revisions"}],"predecessor-version":[{"id":634,"href":"http:\/\/www.ekootpor.com\/index.php?rest_route=\/wp\/v2\/posts\/633\/revisions\/634"}],"wp:featuredmedia":[{"embeddable":true,"href":"http:\/\/www.ekootpor.com\/index.php?rest_route=\/wp\/v2\/media\/231"}],"wp:attachment":[{"href":"http:\/\/www.ekootpor.com\/index.php?rest_route=%2Fwp%2Fv2%2Fmedia&parent=633"}],"wp:term":[{"taxonomy":"category","embeddable":true,"href":"http:\/\/www.ekootpor.com\/index.php?rest_route=%2Fwp%2Fv2%2Fcategories&post=633"},{"taxonomy":"post_tag","embeddable":true,"href":"http:\/\/www.ekootpor.com\/index.php?rest_route=%2Fwp%2Fv2%2Ftags&post=633"}],"curies":[{"name":"wp","href":"https:\/\/api.w.org\/{rel}","templated":true}]}}