{"id":638,"date":"2021-03-13T22:06:35","date_gmt":"2021-03-13T21:06:35","guid":{"rendered":"http:\/\/www.ekootpor.com\/?p=638"},"modified":"2022-01-02T16:34:01","modified_gmt":"2022-01-02T15:34:01","slug":"ipak-u-neumu-nije-odlagan-medicinski-otpad-iz-mostara-i-sirokog-problem-su-medusobni-odnosi","status":"publish","type":"post","link":"http:\/\/www.ekootpor.com\/?p=638","title":{"rendered":"Ipak, u Neumu nije odlagan medicinski otpad iz Mostara i \u0160irokog, problem su me\u0111usobni odnosi!"},"content":{"rendered":"\n<p>Nakon \u0161to je prijava mje\u0161tanina o dovozu medicinskog otpada u Neum iz Mostar i \u0160irokog Brijega digla na noge policiju i istra\u017ene organe te zabrinula brojne gra\u0111ane, utvr\u0111eno je kako nema mjesta panici, jer se tamo medicinski otpad ne odla\u017ee.<\/p>\n\n\n\n<figure class=\"wp-block-embed-wordpress wp-block-embed is-type-wp-embed is-provider-udruga-eko-otpor\"><div class=\"wp-block-embed__wrapper\">\n<blockquote class=\"wp-embedded-content\" data-secret=\"HAyC13m85x\"><a href=\"http:\/\/www.ekootpor.com\/?p=618\">SKANDAL: Medicinski otpad iz \u0160irokog Brijega i Mostara brzo zatrpavaju u Neumu kako bi prikrili tragove!<\/a><\/blockquote><iframe class=\"wp-embedded-content\" sandbox=\"allow-scripts\" security=\"restricted\" style=\"position: absolute; clip: rect(1px, 1px, 1px, 1px);\" title=\"&#8220;SKANDAL: Medicinski otpad iz \u0160irokog Brijega i Mostara brzo zatrpavaju u Neumu kako bi prikrili tragove!&#8221; &#8212; Udruga \u201cEko OTPOR\u201d\" src=\"http:\/\/www.ekootpor.com\/?p=618&#038;embed=true#?secret=HAyC13m85x\" data-secret=\"HAyC13m85x\" width=\"600\" height=\"338\" frameborder=\"0\" marginwidth=\"0\" marginheight=\"0\" scrolling=\"no\"><\/iframe>\n<\/div><\/figure>\n\n\n\n<p>Sanitarna inspekcija iz Neuma je potvrdila kako je provedena istraga pokazala da nema medicinskog otpada na odlagali\u0161tu Klepovica koje je udaljeno oko pet kilometara od srca jedinog bh grada na moru, kako je navodno u prijavi koja je unijela nemir u javnost, prenosi Klix.ba.<\/p>\n\n\n\n<p>Darko Stankovi\u0107 kojeg je mje\u0161tanin Josip Butigan optu\u017eio za dovoz medicinskog otpada na odlagali\u0161te Klepovica tvrdi kako je prijava plod ranijih nesuglasica njih dvojice.<\/p>\n\n\n\n<p>\u201cNi\u0161ta me u \u017eivot nije pogodilo kao ova optu\u017eba jer u Neum nikad nije dovo\u017eeno ni\u0161ta od medicinskog otpada. Ja svaki dan dovozim otpad na odlagali\u0161te Klepovica, ali sa svojih gradili\u0161ta, a nikako medicinski za \u0161to sam optu\u017een. Sre\u0107a to je i dokazano\u201d, isti\u010de Stankovi\u0107.<\/p>\n\n\n\n<figure class=\"wp-block-image size-large\"><img loading=\"lazy\" width=\"938\" height=\"938\" src=\"http:\/\/www.ekootpor.com\/wp-content\/uploads\/2021\/03\/dsi1331-1.jpg\" alt=\"\" class=\"wp-image-640\" srcset=\"http:\/\/www.ekootpor.com\/wp-content\/uploads\/2021\/03\/dsi1331-1.jpg 938w, http:\/\/www.ekootpor.com\/wp-content\/uploads\/2021\/03\/dsi1331-1-800x800.jpg 800w, http:\/\/www.ekootpor.com\/wp-content\/uploads\/2021\/03\/dsi1331-1-150x150.jpg 150w, http:\/\/www.ekootpor.com\/wp-content\/uploads\/2021\/03\/dsi1331-1-768x768.jpg 768w, http:\/\/www.ekootpor.com\/wp-content\/uploads\/2021\/03\/dsi1331-1-696x696.jpg 696w, http:\/\/www.ekootpor.com\/wp-content\/uploads\/2021\/03\/dsi1331-1-420x420.jpg 420w\" sizes=\"(max-width: 938px) 100vw, 938px\" \/><\/figure>\n\n\n\n<p>vrdi kako mu zbog privatnih nesuglasica Butigan stvara brojne probleme godinama te da protiv njega ima prijavu zapisanu u policiju iz 2017. godine kad mu je prijetio pred 500 ljudi.<\/p>\n\n\n\n<p>\u201cOn mi pravi probleme cijeli \u017eivot, zato \u0161to ja imam gra\u0111evinsku firmu koja godinama uredno posluje, za razliku od njegove firme koja se bavi istim poslom. Njemu smeta \u0161to ja uspje\u0161no radim, a on ne mo\u017ee. Ali nisam mu ja kriv za to i nije mu rje\u0161enje da mene la\u017eno optu\u017euje i da mi zagor\u010dava \u017eivot tako\u201d, ka\u017ee Stankovi\u0107.<\/p>\n\n\n\n<figure class=\"wp-block-image size-large\"><img loading=\"lazy\" width=\"938\" height=\"938\" src=\"http:\/\/www.ekootpor.com\/wp-content\/uploads\/2021\/03\/dsi1331-2.jpg\" alt=\"\" class=\"wp-image-641\" srcset=\"http:\/\/www.ekootpor.com\/wp-content\/uploads\/2021\/03\/dsi1331-2.jpg 938w, http:\/\/www.ekootpor.com\/wp-content\/uploads\/2021\/03\/dsi1331-2-800x800.jpg 800w, http:\/\/www.ekootpor.com\/wp-content\/uploads\/2021\/03\/dsi1331-2-150x150.jpg 150w, http:\/\/www.ekootpor.com\/wp-content\/uploads\/2021\/03\/dsi1331-2-768x768.jpg 768w, http:\/\/www.ekootpor.com\/wp-content\/uploads\/2021\/03\/dsi1331-2-696x696.jpg 696w, http:\/\/www.ekootpor.com\/wp-content\/uploads\/2021\/03\/dsi1331-2-420x420.jpg 420w\" sizes=\"(max-width: 938px) 100vw, 938px\" \/><\/figure>\n\n\n\n<p>Isti\u010de kako je zbog naru\u0161enih odnosa bio primoran zatra\u017eiti i policijsku za\u0161titu te da je zbog \u0161tete koju nanosi njemu, njegovoj obitelji i poslovanju firme primoran i na pravnu borbu.<\/p>\n\n\n\n<p><strong>Klix.ba<\/strong><\/p>\n","protected":false},"excerpt":{"rendered":"<p>Nakon \u0161to je prijava mje\u0161tanina o dovozu medicinskog otpada u Neum iz Mostar i \u0160irokog Brijega digla na noge policiju i istra\u017ene organe te zabrinula brojne gra\u0111ane, utvr\u0111eno je kako nema mjesta panici, jer se tamo medicinski otpad ne odla\u017ee. Sanitarna inspekcija iz Neuma je potvrdila kako je provedena istraga pokazala da nema medicinskog otpada [&hellip;]<\/p>\n","protected":false},"author":1,"featured_media":639,"comment_status":"closed","ping_status":"open","sticky":false,"template":"","format":"standard","meta":[],"categories":[20],"tags":[],"yoast_head":"<!-- This site is optimized with the Yoast SEO plugin v19.2 - https:\/\/yoast.com\/wordpress\/plugins\/seo\/ -->\r\n<title>Ipak, u Neumu nije odlagan medicinski otpad iz Mostara i \u0160irokog, problem su me\u0111usobni odnosi! &gt; Udruga \u201cEko OTPOR\u201d<\/title>\r\n<meta name=\"robots\" content=\"index, follow, max-snippet:-1, max-image-preview:large, max-video-preview:-1\" \/>\r\n<link rel=\"canonical\" href=\"http:\/\/www.ekootpor.com\/?p=638\" \/>\r\n<meta property=\"og:locale\" content=\"hr_HR\" \/>\r\n<meta property=\"og:type\" content=\"article\" \/>\r\n<meta property=\"og:title\" content=\"Ipak, u Neumu nije odlagan medicinski otpad iz Mostara i \u0160irokog, problem su me\u0111usobni odnosi! &gt; Udruga \u201cEko OTPOR\u201d\" \/>\r\n<meta property=\"og:description\" content=\"Nakon \u0161to je prijava mje\u0161tanina o dovozu medicinskog otpada u Neum iz Mostar i \u0160irokog Brijega digla na noge policiju i istra\u017ene organe te zabrinula brojne gra\u0111ane, utvr\u0111eno je kako nema mjesta panici, jer se tamo medicinski otpad ne odla\u017ee. Sanitarna inspekcija iz Neuma je potvrdila kako je provedena istraga pokazala da nema medicinskog otpada [&hellip;]\" \/>\r\n<meta property=\"og:url\" content=\"http:\/\/www.ekootpor.com\/?p=638\" \/>\r\n<meta property=\"og:site_name\" content=\"Udruga \u201cEko OTPOR\u201d\" \/>\r\n<meta property=\"article:publisher\" content=\"https:\/\/www.facebook.com\/EkoOtpor\" \/>\r\n<meta property=\"article:published_time\" content=\"2021-03-13T21:06:35+00:00\" \/>\r\n<meta property=\"article:modified_time\" content=\"2022-01-02T15:34:01+00:00\" \/>\r\n<meta property=\"og:image\" content=\"http:\/\/www.ekootpor.com\/wp-content\/uploads\/2021\/03\/mno1331.jpg\" \/>\r\n\t<meta property=\"og:image:width\" content=\"800\" \/>\r\n\t<meta property=\"og:image:height\" content=\"532\" \/>\r\n\t<meta property=\"og:image:type\" content=\"image\/jpeg\" \/>\r\n<meta name=\"author\" content=\"admineko\" \/>\r\n<meta name=\"twitter:card\" content=\"summary_large_image\" \/>\r\n<meta name=\"twitter:label1\" content=\"Napisao\/la\" \/>\n\t<meta name=\"twitter:data1\" content=\"admineko\" \/>\n\t<meta name=\"twitter:label2\" content=\"Procijenjeno vrijeme \u010ditanja\" \/>\n\t<meta name=\"twitter:data2\" content=\"2 minute\" \/>\r\n<script type=\"application\/ld+json\" class=\"yoast-schema-graph\">{\"@context\":\"https:\/\/schema.org\",\"@graph\":[{\"@type\":\"Organization\",\"@id\":\"http:\/\/www.ekootpor.com\/#organization\",\"name\":\"Udruga Eko OTPOR\",\"url\":\"http:\/\/www.ekootpor.com\/\",\"sameAs\":[\"https:\/\/www.youtube.com\/channel\/UCZAOuUmcWloDhDIM-4KTooQ\",\"https:\/\/www.facebook.com\/EkoOtpor\"],\"logo\":{\"@type\":\"ImageObject\",\"inLanguage\":\"hr\",\"@id\":\"http:\/\/www.ekootpor.com\/#\/schema\/logo\/image\/\",\"url\":\"http:\/\/www.ekootpor.com\/wp-content\/uploads\/2020\/04\/logoekoopor25420.jpg\",\"contentUrl\":\"http:\/\/www.ekootpor.com\/wp-content\/uploads\/2020\/04\/logoekoopor25420.jpg\",\"width\":562,\"height\":529,\"caption\":\"Udruga Eko OTPOR\"},\"image\":{\"@id\":\"http:\/\/www.ekootpor.com\/#\/schema\/logo\/image\/\"}},{\"@type\":\"WebSite\",\"@id\":\"http:\/\/www.ekootpor.com\/#website\",\"url\":\"http:\/\/www.ekootpor.com\/\",\"name\":\"Udruga \u201cEko OTPOR\u201d\",\"description\":\"Eko OTPOR\",\"publisher\":{\"@id\":\"http:\/\/www.ekootpor.com\/#organization\"},\"potentialAction\":[{\"@type\":\"SearchAction\",\"target\":{\"@type\":\"EntryPoint\",\"urlTemplate\":\"http:\/\/www.ekootpor.com\/?s={search_term_string}\"},\"query-input\":\"required name=search_term_string\"}],\"inLanguage\":\"hr\"},{\"@type\":\"ImageObject\",\"inLanguage\":\"hr\",\"@id\":\"http:\/\/www.ekootpor.com\/?p=638#primaryimage\",\"url\":\"http:\/\/www.ekootpor.com\/wp-content\/uploads\/2021\/03\/mno1331.jpg\",\"contentUrl\":\"http:\/\/www.ekootpor.com\/wp-content\/uploads\/2021\/03\/mno1331.jpg\",\"width\":800,\"height\":532},{\"@type\":\"WebPage\",\"@id\":\"http:\/\/www.ekootpor.com\/?p=638#webpage\",\"url\":\"http:\/\/www.ekootpor.com\/?p=638\",\"name\":\"Ipak, u Neumu nije odlagan medicinski otpad iz Mostara i \u0160irokog, problem su me\u0111usobni odnosi! &gt; Udruga \u201cEko OTPOR\u201d\",\"isPartOf\":{\"@id\":\"http:\/\/www.ekootpor.com\/#website\"},\"primaryImageOfPage\":{\"@id\":\"http:\/\/www.ekootpor.com\/?p=638#primaryimage\"},\"datePublished\":\"2021-03-13T21:06:35+00:00\",\"dateModified\":\"2022-01-02T15:34:01+00:00\",\"breadcrumb\":{\"@id\":\"http:\/\/www.ekootpor.com\/?p=638#breadcrumb\"},\"inLanguage\":\"hr\",\"potentialAction\":[{\"@type\":\"ReadAction\",\"target\":[\"http:\/\/www.ekootpor.com\/?p=638\"]}]},{\"@type\":\"BreadcrumbList\",\"@id\":\"http:\/\/www.ekootpor.com\/?p=638#breadcrumb\",\"itemListElement\":[{\"@type\":\"ListItem\",\"position\":1,\"name\":\"Po\u010detna stranica\",\"item\":\"http:\/\/www.ekootpor.com\/\"},{\"@type\":\"ListItem\",\"position\":2,\"name\":\"Ipak, u Neumu nije odlagan medicinski otpad iz Mostara i \u0160irokog, problem su me\u0111usobni odnosi!\"}]},{\"@type\":\"Article\",\"@id\":\"http:\/\/www.ekootpor.com\/?p=638#article\",\"isPartOf\":{\"@id\":\"http:\/\/www.ekootpor.com\/?p=638#webpage\"},\"author\":{\"name\":\"admineko\",\"@id\":\"http:\/\/www.ekootpor.com\/#\/schema\/person\/2060981370c55a3797065ce5ce9f018b\"},\"headline\":\"Ipak, u Neumu nije odlagan medicinski otpad iz Mostara i \u0160irokog, problem su me\u0111usobni odnosi!\",\"datePublished\":\"2021-03-13T21:06:35+00:00\",\"dateModified\":\"2022-01-02T15:34:01+00:00\",\"mainEntityOfPage\":{\"@id\":\"http:\/\/www.ekootpor.com\/?p=638#webpage\"},\"wordCount\":336,\"publisher\":{\"@id\":\"http:\/\/www.ekootpor.com\/#organization\"},\"image\":{\"@id\":\"http:\/\/www.ekootpor.com\/?p=638#primaryimage\"},\"thumbnailUrl\":\"http:\/\/www.ekootpor.com\/wp-content\/uploads\/2021\/03\/mno1331.jpg\",\"articleSection\":[\"Eko BiH\"],\"inLanguage\":\"hr\"},{\"@type\":\"Person\",\"@id\":\"http:\/\/www.ekootpor.com\/#\/schema\/person\/2060981370c55a3797065ce5ce9f018b\",\"name\":\"admineko\",\"image\":{\"@type\":\"ImageObject\",\"inLanguage\":\"hr\",\"@id\":\"http:\/\/www.ekootpor.com\/#\/schema\/person\/image\/\",\"url\":\"http:\/\/1.gravatar.com\/avatar\/4e5985ee56ba12c698d05232f891d39b?s=96&d=mm&r=g\",\"contentUrl\":\"http:\/\/1.gravatar.com\/avatar\/4e5985ee56ba12c698d05232f891d39b?s=96&d=mm&r=g\",\"caption\":\"admineko\"},\"sameAs\":[\"http:\/\/www.ekootpor.com\"]}]}<\/script>\r\n<!-- \/ Yoast SEO plugin. -->","yoast_head_json":{"title":"Ipak, u Neumu nije odlagan medicinski otpad iz Mostara i \u0160irokog, problem su me\u0111usobni odnosi! &gt; Udruga \u201cEko OTPOR\u201d","robots":{"index":"index","follow":"follow","max-snippet":"max-snippet:-1","max-image-preview":"max-image-preview:large","max-video-preview":"max-video-preview:-1"},"canonical":"http:\/\/www.ekootpor.com\/?p=638","og_locale":"hr_HR","og_type":"article","og_title":"Ipak, u Neumu nije odlagan medicinski otpad iz Mostara i \u0160irokog, problem su me\u0111usobni odnosi! &gt; Udruga \u201cEko OTPOR\u201d","og_description":"Nakon \u0161to je prijava mje\u0161tanina o dovozu medicinskog otpada u Neum iz Mostar i \u0160irokog Brijega digla na noge policiju i istra\u017ene organe te zabrinula brojne gra\u0111ane, utvr\u0111eno je kako nema mjesta panici, jer se tamo medicinski otpad ne odla\u017ee. Sanitarna inspekcija iz Neuma je potvrdila kako je provedena istraga pokazala da nema medicinskog otpada [&hellip;]","og_url":"http:\/\/www.ekootpor.com\/?p=638","og_site_name":"Udruga \u201cEko OTPOR\u201d","article_publisher":"https:\/\/www.facebook.com\/EkoOtpor","article_published_time":"2021-03-13T21:06:35+00:00","article_modified_time":"2022-01-02T15:34:01+00:00","og_image":[{"width":800,"height":532,"url":"http:\/\/www.ekootpor.com\/wp-content\/uploads\/2021\/03\/mno1331.jpg","type":"image\/jpeg"}],"author":"admineko","twitter_card":"summary_large_image","twitter_misc":{"Napisao\/la":"admineko","Procijenjeno vrijeme \u010ditanja":"2 minute"},"schema":{"@context":"https:\/\/schema.org","@graph":[{"@type":"Organization","@id":"http:\/\/www.ekootpor.com\/#organization","name":"Udruga Eko OTPOR","url":"http:\/\/www.ekootpor.com\/","sameAs":["https:\/\/www.youtube.com\/channel\/UCZAOuUmcWloDhDIM-4KTooQ","https:\/\/www.facebook.com\/EkoOtpor"],"logo":{"@type":"ImageObject","inLanguage":"hr","@id":"http:\/\/www.ekootpor.com\/#\/schema\/logo\/image\/","url":"http:\/\/www.ekootpor.com\/wp-content\/uploads\/2020\/04\/logoekoopor25420.jpg","contentUrl":"http:\/\/www.ekootpor.com\/wp-content\/uploads\/2020\/04\/logoekoopor25420.jpg","width":562,"height":529,"caption":"Udruga Eko OTPOR"},"image":{"@id":"http:\/\/www.ekootpor.com\/#\/schema\/logo\/image\/"}},{"@type":"WebSite","@id":"http:\/\/www.ekootpor.com\/#website","url":"http:\/\/www.ekootpor.com\/","name":"Udruga \u201cEko OTPOR\u201d","description":"Eko OTPOR","publisher":{"@id":"http:\/\/www.ekootpor.com\/#organization"},"potentialAction":[{"@type":"SearchAction","target":{"@type":"EntryPoint","urlTemplate":"http:\/\/www.ekootpor.com\/?s={search_term_string}"},"query-input":"required name=search_term_string"}],"inLanguage":"hr"},{"@type":"ImageObject","inLanguage":"hr","@id":"http:\/\/www.ekootpor.com\/?p=638#primaryimage","url":"http:\/\/www.ekootpor.com\/wp-content\/uploads\/2021\/03\/mno1331.jpg","contentUrl":"http:\/\/www.ekootpor.com\/wp-content\/uploads\/2021\/03\/mno1331.jpg","width":800,"height":532},{"@type":"WebPage","@id":"http:\/\/www.ekootpor.com\/?p=638#webpage","url":"http:\/\/www.ekootpor.com\/?p=638","name":"Ipak, u Neumu nije odlagan medicinski otpad iz Mostara i \u0160irokog, problem su me\u0111usobni odnosi! &gt; Udruga \u201cEko OTPOR\u201d","isPartOf":{"@id":"http:\/\/www.ekootpor.com\/#website"},"primaryImageOfPage":{"@id":"http:\/\/www.ekootpor.com\/?p=638#primaryimage"},"datePublished":"2021-03-13T21:06:35+00:00","dateModified":"2022-01-02T15:34:01+00:00","breadcrumb":{"@id":"http:\/\/www.ekootpor.com\/?p=638#breadcrumb"},"inLanguage":"hr","potentialAction":[{"@type":"ReadAction","target":["http:\/\/www.ekootpor.com\/?p=638"]}]},{"@type":"BreadcrumbList","@id":"http:\/\/www.ekootpor.com\/?p=638#breadcrumb","itemListElement":[{"@type":"ListItem","position":1,"name":"Po\u010detna stranica","item":"http:\/\/www.ekootpor.com\/"},{"@type":"ListItem","position":2,"name":"Ipak, u Neumu nije odlagan medicinski otpad iz Mostara i \u0160irokog, problem su me\u0111usobni odnosi!"}]},{"@type":"Article","@id":"http:\/\/www.ekootpor.com\/?p=638#article","isPartOf":{"@id":"http:\/\/www.ekootpor.com\/?p=638#webpage"},"author":{"name":"admineko","@id":"http:\/\/www.ekootpor.com\/#\/schema\/person\/2060981370c55a3797065ce5ce9f018b"},"headline":"Ipak, u Neumu nije odlagan medicinski otpad iz Mostara i \u0160irokog, problem su me\u0111usobni odnosi!","datePublished":"2021-03-13T21:06:35+00:00","dateModified":"2022-01-02T15:34:01+00:00","mainEntityOfPage":{"@id":"http:\/\/www.ekootpor.com\/?p=638#webpage"},"wordCount":336,"publisher":{"@id":"http:\/\/www.ekootpor.com\/#organization"},"image":{"@id":"http:\/\/www.ekootpor.com\/?p=638#primaryimage"},"thumbnailUrl":"http:\/\/www.ekootpor.com\/wp-content\/uploads\/2021\/03\/mno1331.jpg","articleSection":["Eko BiH"],"inLanguage":"hr"},{"@type":"Person","@id":"http:\/\/www.ekootpor.com\/#\/schema\/person\/2060981370c55a3797065ce5ce9f018b","name":"admineko","image":{"@type":"ImageObject","inLanguage":"hr","@id":"http:\/\/www.ekootpor.com\/#\/schema\/person\/image\/","url":"http:\/\/1.gravatar.com\/avatar\/4e5985ee56ba12c698d05232f891d39b?s=96&d=mm&r=g","contentUrl":"http:\/\/1.gravatar.com\/avatar\/4e5985ee56ba12c698d05232f891d39b?s=96&d=mm&r=g","caption":"admineko"},"sameAs":["http:\/\/www.ekootpor.com"]}]}},"jetpack_featured_media_url":"http:\/\/www.ekootpor.com\/wp-content\/uploads\/2021\/03\/mno1331.jpg","amp_enabled":true,"_links":{"self":[{"href":"http:\/\/www.ekootpor.com\/index.php?rest_route=\/wp\/v2\/posts\/638"}],"collection":[{"href":"http:\/\/www.ekootpor.com\/index.php?rest_route=\/wp\/v2\/posts"}],"about":[{"href":"http:\/\/www.ekootpor.com\/index.php?rest_route=\/wp\/v2\/types\/post"}],"author":[{"embeddable":true,"href":"http:\/\/www.ekootpor.com\/index.php?rest_route=\/wp\/v2\/users\/1"}],"replies":[{"embeddable":true,"href":"http:\/\/www.ekootpor.com\/index.php?rest_route=%2Fwp%2Fv2%2Fcomments&post=638"}],"version-history":[{"count":1,"href":"http:\/\/www.ekootpor.com\/index.php?rest_route=\/wp\/v2\/posts\/638\/revisions"}],"predecessor-version":[{"id":642,"href":"http:\/\/www.ekootpor.com\/index.php?rest_route=\/wp\/v2\/posts\/638\/revisions\/642"}],"wp:featuredmedia":[{"embeddable":true,"href":"http:\/\/www.ekootpor.com\/index.php?rest_route=\/wp\/v2\/media\/639"}],"wp:attachment":[{"href":"http:\/\/www.ekootpor.com\/index.php?rest_route=%2Fwp%2Fv2%2Fmedia&parent=638"}],"wp:term":[{"taxonomy":"category","embeddable":true,"href":"http:\/\/www.ekootpor.com\/index.php?rest_route=%2Fwp%2Fv2%2Fcategories&post=638"},{"taxonomy":"post_tag","embeddable":true,"href":"http:\/\/www.ekootpor.com\/index.php?rest_route=%2Fwp%2Fv2%2Ftags&post=638"}],"curies":[{"name":"wp","href":"https:\/\/api.w.org\/{rel}","templated":true}]}}