{"id":856,"date":"2022-01-02T11:56:49","date_gmt":"2022-01-02T10:56:49","guid":{"rendered":"http:\/\/www.ekootpor.com\/?p=856"},"modified":"2022-01-02T16:25:49","modified_gmt":"2022-01-02T15:25:49","slug":"hrvatska-uvela-zabranu-laganih-plasticnih-vrecica-za-nosenje","status":"publish","type":"post","link":"http:\/\/www.ekootpor.com\/?p=856","title":{"rendered":"Hrvatska uvela zabranu laganih plasti\u010dnih vre\u0107ica za no\u0161enje"},"content":{"rendered":"\n<p>Od 1. sije\u010dnja 2022. u Hrvatskoj je zabranjeno stavljanje na tr\u017ei\u0161te laganih plasti\u010dnih vre\u0107ica za no\u0161enje, a Ministarstvo gospodarstva i odr\u017eivog razvoja pozvalo je gra\u0111ane da u kupnju idu s platnenom vre\u0107icom ili ko\u0161arom.<\/p>\n\n\n\n<p>Rije\u010d je o zabrani temeljem Zakona o gospodarenju otpadom, a odnosi se na kategoriju plasti\u010dnih vre\u0107ica za no\u0161enje s debljinom stjenke do 50 mikrometara. I dalje je dozvoljena upotreba vrlo laganih plasti\u010dnih vre\u0107ica za no\u0161enje koje su tanje od 15 mikrometara i koje se koriste isklju\u010divo zbog higijenskih razloga ili slu\u017ee kao primarna ambala\u017ea za rasutu hranu kada to poma\u017ee sprje\u010davanju bacanja hrane, priop\u0107ilo je Ministarstvo gospodarstva i odr\u017eivog razvoja.<\/p>\n\n\n\n<p>Lagane plasti\u010dne vre\u0107ice za no\u0161enje, koje su ve\u0107 stavljene na tr\u017ei\u0161te i trgovci ih imaju na zalihi, mo\u0107i \u0107e se koristiti i nakon 1. sije\u010dnja 2022. do isteka zaliha, uz valjanu evidenciju da su vre\u0107ice stavljene na tr\u017ei\u0161te prije tog datuma.<\/p>\n\n\n\n<p>U Ministarstvu ka\u017eu da je rije\u010d o kategoriji plasti\u010dnih vre\u0107ica koja se u najve\u0107oj mjeri pojavljuje na tr\u017ei\u0161tu, a koja se zbog debljine stjenke naj\u010de\u0161\u0107e ne mo\u017ee vi\u0161ekratno upotrebljavati, zbog \u010dega u zna\u010dajnoj mjeri one\u010di\u0161\u0107uje okoli\u0161. Plasti\u010dne vre\u0107ice za no\u0161enje koje su deblje od 50 mikrometara i koje se mogu upotrebljavati vi\u0161e puta i dalje se mogu koristiti i prodavati, jer vi\u0161ekratno kori\u0161tenje doprinosi sprje\u010davanju nastanka otpada.<\/p>\n\n\n\n<p><strong><span style=\"color:#12fb05\" class=\"has-inline-color\">Vrlo lagane plasti\u010dne vre\u0107ice samo na mjestima gdje se prodaje hrana<\/span><\/strong><\/p>\n\n\n\n<p>Plasiranje na tr\u017ei\u0161te vrlo laganih plasti\u010dnih vre\u0107ica za no\u0161enje, kako su pojasnili iz Ministarstva gospodarstva i odr\u017eivog razvoja, bit \u0107e dozvoljeno na tr\u017enicama, u pekarnicama, ribarnicama, slasti\u010darnicama, u prodavaonicama mje\u0161ovite robe, mesnicama i na drugim mjestima gdje se prodaje hrana, isklju\u010divo iz razloga da se u njih stavlja rasuta, odnosno industrijski nezapakirana hrana, ili hrana koja je prethodno samo umotana u privremenu ambala\u017eu, poput folija.<\/p>\n\n\n\n<p>Vrlo lagane plasti\u010dne vre\u0107ice ne\u0107e se mo\u0107i koristiti na prodajnim mjestima u kojima se ne prodaje hrana, poput trgovina s odje\u0107om, obu\u0107om, ku\u0107anskim aparatima, ljekarnama, knji\u017earama i sli\u010dno.<\/p>\n\n\n\n<p>\u201cOdba\u010dene plasti\u010dne vre\u0107ice su, na\u017ealost, postale vrlo \u010desta pojava u prirodi te \u0107e se, temeljem direktiva Europske unije, u budu\u0107nosti i\u0107i u dokidanje i ostalih oblika plasti\u010dnih vre\u0107ica za no\u0161enje. Dotad, Ministarstvo gospodarstva i odr\u017eivog razvoja poziva sve gra\u0111ane da od Nove godine u kupnju idu s vlastitom platnenom vre\u0107icom ili drugim predmetima za no\u0161enje, poput ko\u0161ara, te da se prilikom kupnje odlu\u010duju za papirnate vre\u0107ice i sli\u010dne alternative\u201d, poru\u010dili su iz Ministarstva gospodarstva i odr\u017eivog razvoja.<\/p>\n\n\n\n<p><strong>Eko OTPOR<\/strong><\/p>\n","protected":false},"excerpt":{"rendered":"<p>Od 1. sije\u010dnja 2022. u Hrvatskoj je zabranjeno stavljanje na tr\u017ei\u0161te laganih plasti\u010dnih vre\u0107ica za no\u0161enje, a Ministarstvo gospodarstva i odr\u017eivog razvoja pozvalo je gra\u0111ane da u kupnju idu s platnenom vre\u0107icom ili ko\u0161arom. Rije\u010d je o zabrani temeljem Zakona o gospodarenju otpadom, a odnosi se na kategoriju plasti\u010dnih vre\u0107ica za no\u0161enje s debljinom stjenke [&hellip;]<\/p>\n","protected":false},"author":1,"featured_media":857,"comment_status":"closed","ping_status":"open","sticky":false,"template":"","format":"standard","meta":[],"categories":[21],"tags":[],"yoast_head":"<!-- This site is optimized with the Yoast SEO plugin v19.2 - https:\/\/yoast.com\/wordpress\/plugins\/seo\/ -->\r\n<title>Hrvatska uvela zabranu laganih plasti\u010dnih vre\u0107ica za no\u0161enje &gt; Udruga \u201cEko OTPOR\u201d<\/title>\r\n<meta name=\"robots\" content=\"index, follow, max-snippet:-1, max-image-preview:large, max-video-preview:-1\" \/>\r\n<link rel=\"canonical\" href=\"http:\/\/www.ekootpor.com\/?p=856\" \/>\r\n<meta property=\"og:locale\" content=\"hr_HR\" \/>\r\n<meta property=\"og:type\" content=\"article\" \/>\r\n<meta property=\"og:title\" content=\"Hrvatska uvela zabranu laganih plasti\u010dnih vre\u0107ica za no\u0161enje &gt; Udruga \u201cEko OTPOR\u201d\" \/>\r\n<meta property=\"og:description\" content=\"Od 1. sije\u010dnja 2022. u Hrvatskoj je zabranjeno stavljanje na tr\u017ei\u0161te laganih plasti\u010dnih vre\u0107ica za no\u0161enje, a Ministarstvo gospodarstva i odr\u017eivog razvoja pozvalo je gra\u0111ane da u kupnju idu s platnenom vre\u0107icom ili ko\u0161arom. Rije\u010d je o zabrani temeljem Zakona o gospodarenju otpadom, a odnosi se na kategoriju plasti\u010dnih vre\u0107ica za no\u0161enje s debljinom stjenke [&hellip;]\" \/>\r\n<meta property=\"og:url\" content=\"http:\/\/www.ekootpor.com\/?p=856\" \/>\r\n<meta property=\"og:site_name\" content=\"Udruga \u201cEko OTPOR\u201d\" \/>\r\n<meta property=\"article:publisher\" content=\"https:\/\/www.facebook.com\/EkoOtpor\" \/>\r\n<meta property=\"article:published_time\" content=\"2022-01-02T10:56:49+00:00\" \/>\r\n<meta property=\"article:modified_time\" content=\"2022-01-02T15:25:49+00:00\" \/>\r\n<meta property=\"og:image\" content=\"http:\/\/www.ekootpor.com\/wp-content\/uploads\/2022\/01\/plastice-vrecice-3121.jpeg\" \/>\r\n\t<meta property=\"og:image:width\" content=\"1000\" \/>\r\n\t<meta property=\"og:image:height\" content=\"736\" \/>\r\n\t<meta property=\"og:image:type\" content=\"image\/jpeg\" \/>\r\n<meta name=\"author\" content=\"admineko\" \/>\r\n<meta name=\"twitter:card\" content=\"summary_large_image\" \/>\r\n<meta name=\"twitter:label1\" content=\"Napisao\/la\" \/>\n\t<meta name=\"twitter:data1\" content=\"admineko\" \/>\n\t<meta name=\"twitter:label2\" content=\"Procijenjeno vrijeme \u010ditanja\" \/>\n\t<meta name=\"twitter:data2\" content=\"2 minute\" \/>\r\n<script type=\"application\/ld+json\" class=\"yoast-schema-graph\">{\"@context\":\"https:\/\/schema.org\",\"@graph\":[{\"@type\":\"Organization\",\"@id\":\"http:\/\/www.ekootpor.com\/#organization\",\"name\":\"Udruga Eko OTPOR\",\"url\":\"http:\/\/www.ekootpor.com\/\",\"sameAs\":[\"https:\/\/www.youtube.com\/channel\/UCZAOuUmcWloDhDIM-4KTooQ\",\"https:\/\/www.facebook.com\/EkoOtpor\"],\"logo\":{\"@type\":\"ImageObject\",\"inLanguage\":\"hr\",\"@id\":\"http:\/\/www.ekootpor.com\/#\/schema\/logo\/image\/\",\"url\":\"http:\/\/www.ekootpor.com\/wp-content\/uploads\/2020\/04\/logoekoopor25420.jpg\",\"contentUrl\":\"http:\/\/www.ekootpor.com\/wp-content\/uploads\/2020\/04\/logoekoopor25420.jpg\",\"width\":562,\"height\":529,\"caption\":\"Udruga Eko OTPOR\"},\"image\":{\"@id\":\"http:\/\/www.ekootpor.com\/#\/schema\/logo\/image\/\"}},{\"@type\":\"WebSite\",\"@id\":\"http:\/\/www.ekootpor.com\/#website\",\"url\":\"http:\/\/www.ekootpor.com\/\",\"name\":\"Udruga \u201cEko OTPOR\u201d\",\"description\":\"Eko OTPOR\",\"publisher\":{\"@id\":\"http:\/\/www.ekootpor.com\/#organization\"},\"potentialAction\":[{\"@type\":\"SearchAction\",\"target\":{\"@type\":\"EntryPoint\",\"urlTemplate\":\"http:\/\/www.ekootpor.com\/?s={search_term_string}\"},\"query-input\":\"required name=search_term_string\"}],\"inLanguage\":\"hr\"},{\"@type\":\"ImageObject\",\"inLanguage\":\"hr\",\"@id\":\"http:\/\/www.ekootpor.com\/?p=856#primaryimage\",\"url\":\"http:\/\/www.ekootpor.com\/wp-content\/uploads\/2022\/01\/plastice-vrecice-3121.jpeg\",\"contentUrl\":\"http:\/\/www.ekootpor.com\/wp-content\/uploads\/2022\/01\/plastice-vrecice-3121.jpeg\",\"width\":1000,\"height\":736},{\"@type\":\"WebPage\",\"@id\":\"http:\/\/www.ekootpor.com\/?p=856#webpage\",\"url\":\"http:\/\/www.ekootpor.com\/?p=856\",\"name\":\"Hrvatska uvela zabranu laganih plasti\u010dnih vre\u0107ica za no\u0161enje &gt; Udruga \u201cEko OTPOR\u201d\",\"isPartOf\":{\"@id\":\"http:\/\/www.ekootpor.com\/#website\"},\"primaryImageOfPage\":{\"@id\":\"http:\/\/www.ekootpor.com\/?p=856#primaryimage\"},\"datePublished\":\"2022-01-02T10:56:49+00:00\",\"dateModified\":\"2022-01-02T15:25:49+00:00\",\"breadcrumb\":{\"@id\":\"http:\/\/www.ekootpor.com\/?p=856#breadcrumb\"},\"inLanguage\":\"hr\",\"potentialAction\":[{\"@type\":\"ReadAction\",\"target\":[\"http:\/\/www.ekootpor.com\/?p=856\"]}]},{\"@type\":\"BreadcrumbList\",\"@id\":\"http:\/\/www.ekootpor.com\/?p=856#breadcrumb\",\"itemListElement\":[{\"@type\":\"ListItem\",\"position\":1,\"name\":\"Po\u010detna stranica\",\"item\":\"http:\/\/www.ekootpor.com\/\"},{\"@type\":\"ListItem\",\"position\":2,\"name\":\"Hrvatska uvela zabranu laganih plasti\u010dnih vre\u0107ica za no\u0161enje\"}]},{\"@type\":\"Article\",\"@id\":\"http:\/\/www.ekootpor.com\/?p=856#article\",\"isPartOf\":{\"@id\":\"http:\/\/www.ekootpor.com\/?p=856#webpage\"},\"author\":{\"name\":\"admineko\",\"@id\":\"http:\/\/www.ekootpor.com\/#\/schema\/person\/2060981370c55a3797065ce5ce9f018b\"},\"headline\":\"Hrvatska uvela zabranu laganih plasti\u010dnih vre\u0107ica za no\u0161enje\",\"datePublished\":\"2022-01-02T10:56:49+00:00\",\"dateModified\":\"2022-01-02T15:25:49+00:00\",\"mainEntityOfPage\":{\"@id\":\"http:\/\/www.ekootpor.com\/?p=856#webpage\"},\"wordCount\":501,\"publisher\":{\"@id\":\"http:\/\/www.ekootpor.com\/#organization\"},\"image\":{\"@id\":\"http:\/\/www.ekootpor.com\/?p=856#primaryimage\"},\"thumbnailUrl\":\"http:\/\/www.ekootpor.com\/wp-content\/uploads\/2022\/01\/plastice-vrecice-3121.jpeg\",\"articleSection\":[\"Eko izvan BiH\"],\"inLanguage\":\"hr\"},{\"@type\":\"Person\",\"@id\":\"http:\/\/www.ekootpor.com\/#\/schema\/person\/2060981370c55a3797065ce5ce9f018b\",\"name\":\"admineko\",\"image\":{\"@type\":\"ImageObject\",\"inLanguage\":\"hr\",\"@id\":\"http:\/\/www.ekootpor.com\/#\/schema\/person\/image\/\",\"url\":\"http:\/\/1.gravatar.com\/avatar\/4e5985ee56ba12c698d05232f891d39b?s=96&d=mm&r=g\",\"contentUrl\":\"http:\/\/1.gravatar.com\/avatar\/4e5985ee56ba12c698d05232f891d39b?s=96&d=mm&r=g\",\"caption\":\"admineko\"},\"sameAs\":[\"http:\/\/www.ekootpor.com\"]}]}<\/script>\r\n<!-- \/ Yoast SEO plugin. -->","yoast_head_json":{"title":"Hrvatska uvela zabranu laganih plasti\u010dnih vre\u0107ica za no\u0161enje &gt; Udruga \u201cEko OTPOR\u201d","robots":{"index":"index","follow":"follow","max-snippet":"max-snippet:-1","max-image-preview":"max-image-preview:large","max-video-preview":"max-video-preview:-1"},"canonical":"http:\/\/www.ekootpor.com\/?p=856","og_locale":"hr_HR","og_type":"article","og_title":"Hrvatska uvela zabranu laganih plasti\u010dnih vre\u0107ica za no\u0161enje &gt; Udruga \u201cEko OTPOR\u201d","og_description":"Od 1. sije\u010dnja 2022. u Hrvatskoj je zabranjeno stavljanje na tr\u017ei\u0161te laganih plasti\u010dnih vre\u0107ica za no\u0161enje, a Ministarstvo gospodarstva i odr\u017eivog razvoja pozvalo je gra\u0111ane da u kupnju idu s platnenom vre\u0107icom ili ko\u0161arom. Rije\u010d je o zabrani temeljem Zakona o gospodarenju otpadom, a odnosi se na kategoriju plasti\u010dnih vre\u0107ica za no\u0161enje s debljinom stjenke [&hellip;]","og_url":"http:\/\/www.ekootpor.com\/?p=856","og_site_name":"Udruga \u201cEko OTPOR\u201d","article_publisher":"https:\/\/www.facebook.com\/EkoOtpor","article_published_time":"2022-01-02T10:56:49+00:00","article_modified_time":"2022-01-02T15:25:49+00:00","og_image":[{"width":1000,"height":736,"url":"http:\/\/www.ekootpor.com\/wp-content\/uploads\/2022\/01\/plastice-vrecice-3121.jpeg","type":"image\/jpeg"}],"author":"admineko","twitter_card":"summary_large_image","twitter_misc":{"Napisao\/la":"admineko","Procijenjeno vrijeme \u010ditanja":"2 minute"},"schema":{"@context":"https:\/\/schema.org","@graph":[{"@type":"Organization","@id":"http:\/\/www.ekootpor.com\/#organization","name":"Udruga Eko OTPOR","url":"http:\/\/www.ekootpor.com\/","sameAs":["https:\/\/www.youtube.com\/channel\/UCZAOuUmcWloDhDIM-4KTooQ","https:\/\/www.facebook.com\/EkoOtpor"],"logo":{"@type":"ImageObject","inLanguage":"hr","@id":"http:\/\/www.ekootpor.com\/#\/schema\/logo\/image\/","url":"http:\/\/www.ekootpor.com\/wp-content\/uploads\/2020\/04\/logoekoopor25420.jpg","contentUrl":"http:\/\/www.ekootpor.com\/wp-content\/uploads\/2020\/04\/logoekoopor25420.jpg","width":562,"height":529,"caption":"Udruga Eko OTPOR"},"image":{"@id":"http:\/\/www.ekootpor.com\/#\/schema\/logo\/image\/"}},{"@type":"WebSite","@id":"http:\/\/www.ekootpor.com\/#website","url":"http:\/\/www.ekootpor.com\/","name":"Udruga \u201cEko OTPOR\u201d","description":"Eko OTPOR","publisher":{"@id":"http:\/\/www.ekootpor.com\/#organization"},"potentialAction":[{"@type":"SearchAction","target":{"@type":"EntryPoint","urlTemplate":"http:\/\/www.ekootpor.com\/?s={search_term_string}"},"query-input":"required name=search_term_string"}],"inLanguage":"hr"},{"@type":"ImageObject","inLanguage":"hr","@id":"http:\/\/www.ekootpor.com\/?p=856#primaryimage","url":"http:\/\/www.ekootpor.com\/wp-content\/uploads\/2022\/01\/plastice-vrecice-3121.jpeg","contentUrl":"http:\/\/www.ekootpor.com\/wp-content\/uploads\/2022\/01\/plastice-vrecice-3121.jpeg","width":1000,"height":736},{"@type":"WebPage","@id":"http:\/\/www.ekootpor.com\/?p=856#webpage","url":"http:\/\/www.ekootpor.com\/?p=856","name":"Hrvatska uvela zabranu laganih plasti\u010dnih vre\u0107ica za no\u0161enje &gt; Udruga \u201cEko OTPOR\u201d","isPartOf":{"@id":"http:\/\/www.ekootpor.com\/#website"},"primaryImageOfPage":{"@id":"http:\/\/www.ekootpor.com\/?p=856#primaryimage"},"datePublished":"2022-01-02T10:56:49+00:00","dateModified":"2022-01-02T15:25:49+00:00","breadcrumb":{"@id":"http:\/\/www.ekootpor.com\/?p=856#breadcrumb"},"inLanguage":"hr","potentialAction":[{"@type":"ReadAction","target":["http:\/\/www.ekootpor.com\/?p=856"]}]},{"@type":"BreadcrumbList","@id":"http:\/\/www.ekootpor.com\/?p=856#breadcrumb","itemListElement":[{"@type":"ListItem","position":1,"name":"Po\u010detna stranica","item":"http:\/\/www.ekootpor.com\/"},{"@type":"ListItem","position":2,"name":"Hrvatska uvela zabranu laganih plasti\u010dnih vre\u0107ica za no\u0161enje"}]},{"@type":"Article","@id":"http:\/\/www.ekootpor.com\/?p=856#article","isPartOf":{"@id":"http:\/\/www.ekootpor.com\/?p=856#webpage"},"author":{"name":"admineko","@id":"http:\/\/www.ekootpor.com\/#\/schema\/person\/2060981370c55a3797065ce5ce9f018b"},"headline":"Hrvatska uvela zabranu laganih plasti\u010dnih vre\u0107ica za no\u0161enje","datePublished":"2022-01-02T10:56:49+00:00","dateModified":"2022-01-02T15:25:49+00:00","mainEntityOfPage":{"@id":"http:\/\/www.ekootpor.com\/?p=856#webpage"},"wordCount":501,"publisher":{"@id":"http:\/\/www.ekootpor.com\/#organization"},"image":{"@id":"http:\/\/www.ekootpor.com\/?p=856#primaryimage"},"thumbnailUrl":"http:\/\/www.ekootpor.com\/wp-content\/uploads\/2022\/01\/plastice-vrecice-3121.jpeg","articleSection":["Eko izvan BiH"],"inLanguage":"hr"},{"@type":"Person","@id":"http:\/\/www.ekootpor.com\/#\/schema\/person\/2060981370c55a3797065ce5ce9f018b","name":"admineko","image":{"@type":"ImageObject","inLanguage":"hr","@id":"http:\/\/www.ekootpor.com\/#\/schema\/person\/image\/","url":"http:\/\/1.gravatar.com\/avatar\/4e5985ee56ba12c698d05232f891d39b?s=96&d=mm&r=g","contentUrl":"http:\/\/1.gravatar.com\/avatar\/4e5985ee56ba12c698d05232f891d39b?s=96&d=mm&r=g","caption":"admineko"},"sameAs":["http:\/\/www.ekootpor.com"]}]}},"jetpack_featured_media_url":"http:\/\/www.ekootpor.com\/wp-content\/uploads\/2022\/01\/plastice-vrecice-3121.jpeg","amp_enabled":true,"_links":{"self":[{"href":"http:\/\/www.ekootpor.com\/index.php?rest_route=\/wp\/v2\/posts\/856"}],"collection":[{"href":"http:\/\/www.ekootpor.com\/index.php?rest_route=\/wp\/v2\/posts"}],"about":[{"href":"http:\/\/www.ekootpor.com\/index.php?rest_route=\/wp\/v2\/types\/post"}],"author":[{"embeddable":true,"href":"http:\/\/www.ekootpor.com\/index.php?rest_route=\/wp\/v2\/users\/1"}],"replies":[{"embeddable":true,"href":"http:\/\/www.ekootpor.com\/index.php?rest_route=%2Fwp%2Fv2%2Fcomments&post=856"}],"version-history":[{"count":1,"href":"http:\/\/www.ekootpor.com\/index.php?rest_route=\/wp\/v2\/posts\/856\/revisions"}],"predecessor-version":[{"id":858,"href":"http:\/\/www.ekootpor.com\/index.php?rest_route=\/wp\/v2\/posts\/856\/revisions\/858"}],"wp:featuredmedia":[{"embeddable":true,"href":"http:\/\/www.ekootpor.com\/index.php?rest_route=\/wp\/v2\/media\/857"}],"wp:attachment":[{"href":"http:\/\/www.ekootpor.com\/index.php?rest_route=%2Fwp%2Fv2%2Fmedia&parent=856"}],"wp:term":[{"taxonomy":"category","embeddable":true,"href":"http:\/\/www.ekootpor.com\/index.php?rest_route=%2Fwp%2Fv2%2Fcategories&post=856"},{"taxonomy":"post_tag","embeddable":true,"href":"http:\/\/www.ekootpor.com\/index.php?rest_route=%2Fwp%2Fv2%2Ftags&post=856"}],"curies":[{"name":"wp","href":"https:\/\/api.w.org\/{rel}","templated":true}]}}